{"id":137,"date":"2021-10-18T16:17:06","date_gmt":"2021-10-18T14:17:06","guid":{"rendered":"https:\/\/daccord-projekt.de\/WP\/?p=137"},"modified":"2021-10-21T14:30:00","modified_gmt":"2021-10-21T12:30:00","slug":"daccord-ist-assoziiertes-projekt-im-digital-autonomy-hub","status":"publish","type":"post","link":"https:\/\/daccord-projekt.de\/WP\/daccord-ist-assoziiertes-projekt-im-digital-autonomy-hub\/","title":{"rendered":"D\u2019accord ist assoziiertes Projekt im Digital Autonomy Hub"},"content":{"rendered":"\n<p><strong>Digitale Souver&auml;nit&auml;t in der Praxis<\/strong><\/p>\n\n\n\n<p>Immer mehr Organisationen und Projekte machen es sich zur Aufgabe, Menschen zu einem selbstbestimmten und reflektierten Umgang mit Technik zu bef&auml;higen. Um dies abzubilden und die vielf&auml;ltigen Angebote und Initiativen leicht auffindbar f&uuml;r alle zu machen, hat der Digital Autonomy Hub einen <a rel=\"noreferrer noopener\" href=\"https:\/\/digitalautonomy.net\/netzwerk\" target=\"_blank\">Monitor<\/a> erstellt. Das Projekt &bdquo;D&rsquo;accord &ndash; Adaptive Datenschutz-Cockpits in digitalen &Ouml;kosystemen&ldquo; ist jetzt Teil dieses wachsenden Netzwerks.<\/p>\n\n\n\n<p>Im <a rel=\"noreferrer noopener\" href=\"https:\/\/digitalautonomy.net\/netzwerk\" target=\"_blank\">Monitor des Digital Autonomy Hubs<\/a> k&ouml;nnen sich alle Organisationen aus dem Themengebiet &ndash; von Forschungsprojekten &uuml;ber Vereine bis hin zu Unternehmen &ndash; mit einem Steckbrief eintragen. So werden L&ouml;sungen und Ideen sichtbar und k&ouml;nnen sich miteinander vernetzen.<\/p>\n\n\n\n<p><strong>&Uuml;ber das Digital Autonomy Hub<\/strong><\/p>\n\n\n\n<p>Der &bdquo;Digital Autonomy Hub &ndash; Technik souver&auml;n nutzen&ldquo; ist ein Kompetenzzentrum, das ein interdisziplin&auml;res Netzwerk von 43 Instituten und Organisationen koordiniert. Der Hub macht sichtbar, woran die Partner forschen und welche Ideen sie entwickeln, um die individuelle digitale Souver&auml;nit&auml;t zu st&auml;rken. Ziel dieses Wissenstransfers ist es, allen Menschen einen reflektierten und selbstbestimmten Umgang mit ihren Daten zu erm&ouml;glichen. Das Kompetenzzentrum bereitet aktuelle Forschungsergebnisse f&uuml;r Zivilgesellschaft, Politik, Wissenschaft und Wirtschaft auf und ber&auml;t die verschiedenen Akteure zu ethischen, rechtlichen und sozialen Aspekten der Datennutzung.<\/p>\n","protected":false},"excerpt":{"rendered":"<p>Digitale Souver\u00e4nit\u00e4t in der Praxis Immer mehr Organisationen und Projekte machen es sich zur Aufgabe, Menschen zu einem selbstbestimmten und reflektierten Umgang mit Technik zu bef\u00e4higen. Um dies abzubilden und die vielf\u00e4ltigen Angebote und Initiativen leicht auffindbar f\u00fcr alle zu<\/p>\n","protected":false},"author":2,"featured_media":0,"comment_status":"closed","ping_status":"closed","sticky":false,"template":"","format":"standard","meta":{"pgc_sgb_lightbox_settings":"","footnotes":""},"categories":[1],"tags":[],"class_list":["post-137","post","type-post","status-publish","format-standard","hentry","category-allgemein"],"_links":{"self":[{"href":"https:\/\/daccord-projekt.de\/WP\/wp-json\/wp\/v2\/posts\/137","targetHints":{"allow":["GET"]}}],"collection":[{"href":"https:\/\/daccord-projekt.de\/WP\/wp-json\/wp\/v2\/posts"}],"about":[{"href":"https:\/\/daccord-projekt.de\/WP\/wp-json\/wp\/v2\/types\/post"}],"author":[{"embeddable":true,"href":"https:\/\/daccord-projekt.de\/WP\/wp-json\/wp\/v2\/users\/2"}],"replies":[{"embeddable":true,"href":"https:\/\/daccord-projekt.de\/WP\/wp-json\/wp\/v2\/comments?post=137"}],"version-history":[{"count":3,"href":"https:\/\/daccord-projekt.de\/WP\/wp-json\/wp\/v2\/posts\/137\/revisions"}],"predecessor-version":[{"id":166,"href":"https:\/\/daccord-projekt.de\/WP\/wp-json\/wp\/v2\/posts\/137\/revisions\/166"}],"wp:attachment":[{"href":"https:\/\/daccord-projekt.de\/WP\/wp-json\/wp\/v2\/media?parent=137"}],"wp:term":[{"taxonomy":"category","embeddable":true,"href":"https:\/\/daccord-projekt.de\/WP\/wp-json\/wp\/v2\/categories?post=137"},{"taxonomy":"post_tag","embeddable":true,"href":"https:\/\/daccord-projekt.de\/WP\/wp-json\/wp\/v2\/tags?post=137"}],"curies":[{"name":"wp","href":"https:\/\/api.w.org\/{rel}","templated":true}]}}